{"id":1146,"date":"2018-11-29T16:36:00","date_gmt":"2018-11-29T16:36:00","guid":{"rendered":"https:\/\/www.muebleselparaiso.es\/blog-1\/salones-y-chimeneas-calor-de-hogar\/"},"modified":"2020-11-09T16:24:26","modified_gmt":"2020-11-09T16:24:26","slug":"salones-y-chimeneas-calor-de-hogar","status":"publish","type":"post","link":"https:\/\/www.muebleselparaiso.es\/guia-decoracion\/dym-como-hacer\/salones-y-chimeneas-calor-de-hogar\/","title":{"rendered":"Decorar nuestros salones con un acogedor y c\u00e1lido estilo r\u00fastico"},"content":{"rendered":"<p>Los <span style=\"text-decoration: underline;\"><a href=\"https:\/\/www.muebleselparaiso.es\/salon\">salones<\/a><\/span> son el espacio com\u00fan de nuestras viviendas, en los que junto con las cocinas y\/o comedores, m\u00e1s convivimos con nuestros familiares y amigos m\u00e1s cercanos. Ahora que las navidades est\u00e1n cerca, todos imaginamos poder disfrutar de estas id\u00edlicas fechas en esos preciosos <strong>salones<\/strong> de pel\u00edcula: salones revestidos de madera con muebles elegantes y confortables, decorados exquisitamente con ornamentos, motivos y estampados navide\u00f1os y por supuesto, con una majestuosa chimenea central dotando a la escena de una c\u00e1lida luz y un suave crepitar.<\/p>\n<p>En Muebles el Para\u00edso somos conscientes de que no todos disponemos de una chimenea en el sal\u00f3n. Pero nuestros salones no tienen por qu\u00e9 ser menos c\u00e1lidos por no poseer una. En este art\u00edculo, te daremos unos interesantes consejos sobre c\u00f3mo decorar y distribuir tu sal\u00f3n para que estas navidades, luzca amplio, c\u00e1lido y acogedor.<\/p>\n<h2>Navidades de estilo r\u00fastico<\/h2>\n<p>Si como hemos dicho antes, lo que m\u00e1s deseas es poder pasar unas navidades en una casa de campo, con todos los id\u00edlicos detalles que acompa\u00f1ar\u00edan a este escenario, \u00a1no te preocupes! Si no puedes ir al campo, te acercaremos el estilo r\u00fastico a tu propio sal\u00f3n. Es m\u00e1s f\u00e1cil de lo que puedas imaginar, si este es el estilo que buscas, s\u00f3lo tendr\u00e1s que seguir nuestros consejos.<\/p>\n<h3>La madera, tu aliada<\/h3>\n<p><img decoding=\"async\" alt=\"Mueble de madera\" src=\"\/sites\/default\/files\/mueble-madera.jpg\" style=\"width: 828px;\" title=\"Mueble de madera\"><\/p>\n<p>El estilo r\u00fastico y campero, se caracteriza por su estrecho v\u00ednculo con la naturaleza, y por contar con una decoraci\u00f3n sencilla, integrando elementos naturales. Los muebles de madera aportan a nuestros salones una sensaci\u00f3n de calidez, y al ser el color madera un color completamente neutro, combinar\u00e1 sin problemas con el tan caracter\u00edstico color rojo navide\u00f1o.<\/p>\n<h3>La mesa como elemento central<\/h3>\n<p>Las navidades son unas fechas en las que como todos sabr\u00e9is, se come m\u00e1s que el resto del a\u00f1o. Son muchas las ocasiones en las que nos sentamos al rededor de una gran mesa a compartir la velada con nuestros allegados. Por eso, la mesa se convierte en estas fechas en el elemento central de nuestro sal\u00f3n y cobrar\u00e1 gran importancia.<\/p>\n<p><img decoding=\"async\" alt=\"Mesa r\u00fastica\" src=\"\/sites\/default\/files\/mesa-rustica.jpg\" style=\"width: 700px;\" title=\"Mesa r\u00fastica\"><\/p>\n<p>Para lograr el anhelado estilo r\u00fastico, decoraremos nuestra mesa empleando tejidos naturales y de tonos neutros. El estilo r\u00fastico se caracteriza por su sencillez. Por eso, utilizaremos una vajilla blanca, cristaler\u00eda sencilla y cuberter\u00edas retro y de estilo antiguo.<\/p>\n<p><img decoding=\"async\" alt=\"Decoraci\u00f3n de Navidad\" src=\"\/sites\/default\/files\/decoracion-navidad.jpg\" style=\"width: 957px;\" title=\"Decoraci\u00f3n de Navidad\"><\/p>\n<p>Por \u00faltimo, decora tu mesa con alguna que otra vela, y un toque de naturaleza: a\u00f1ade ramas de abeto, flores de pascua, pi\u00f1as, nueces, etc. y tu mesa quedar\u00e1 lista para ser digna de cat\u00e1logo.<\/p>\n<h2><\/h2>\n<h2>Iluminaci\u00f3n navide\u00f1a para ambientar nuestros salones<\/h2>\n<p>Decorar nuestro \u00e1rbol con luces es un cl\u00e1sico navide\u00f1o. Pero, \u00bfy si coloc\u00e1semos las luces tambi\u00e9n en puntos estrat\u00e9gicos de nuestros salones? La iluminaci\u00f3n en general y las luces decorativas en particular, son un elemento imprescindible a tener en cuenta a la hora de crear ambientes as\u00ed que este invierno, ser\u00e1n tus aliadas.<\/p>\n<p><img decoding=\"async\" alt=\"Tarros de luz para Navidad\" src=\"\/sites\/default\/files\/tarros-luz-navidad.jpg\" style=\"width: 957px;\" title=\"Tarros de luz para Navidad\"><\/p>\n<p>Si hay una caracter\u00edstica que define a las tiras de luces, es la versatilidad. Podr\u00e1s adornar con luces decorativas cualquier rinc\u00f3n de tu sal\u00f3n: las ventanas, los muebles, estanter\u00edas y puertas, los cuadros, etc. Adem\u00e1s, podr\u00e1s crear improvisados objetos decorativos navide\u00f1os: crea tus centros de mesa con tarros de cristal y luces led, adorna tus guirnaldas y \u00e1rboles o haz tus propios letreros luminosos, las posibilidades son infinitas. \u00c9chale imaginaci\u00f3n y a\u00f1ade luces a tu decoraci\u00f3n.<\/p>\n<p>Como veis, tener una casa de campo con chimenea no es la \u00fanica forma de pasar unas navidades r\u00fasticas de pel\u00edcula. Gracias a estos consejos de <span style=\"text-decoration: underline;\"><a href=\"https:\/\/www.muebleselparaiso.es\/\">Muebles el Para\u00edso<\/a><\/span>, podremos darles a nuestros <strong>salones<\/strong> el estilo campero que tanto deseamos. Si est\u00e1s buscando alg\u00fan mueble de sal\u00f3n para tu hogar, no dudes en visitar nuestra tienda online o si lo prefieres, nuestra tienda f\u00edsica en Zalla.<\/p>\n","protected":false},"excerpt":{"rendered":"<p>Los salones son el espacio com\u00fan de nuestras viviendas, en los que junto con las cocinas y\/o comedores, m\u00e1s convivimos con nuestros familiares y amigos m\u00e1s cercanos. Ahora que las navidades est\u00e1n cerca, todos imaginamos poder disfrutar de estas id\u00edlicas fechas en esos preciosos salones de pel\u00edcula: salones revestidos de madera con muebles elegantes y confortables, decorados exquisitamente con ornamentos, motivos y estampados navide\u00f1os y por supuesto, con una majestuosa chimenea central dotando a la escena de una c\u00e1lida luz y un suave crepitar. En Muebles el Para\u00edso somos conscientes de que no todos disponemos de una chimenea en el <\/p>\n","protected":false},"author":2,"featured_media":1461,"comment_status":"open","ping_status":"open","sticky":false,"template":"","format":"standard","meta":{"footnotes":""},"categories":[128],"tags":[142,130],"class_list":["post-1146","post","type-post","status-publish","format-standard","has-post-thumbnail","hentry","category-dym-como-hacer","tag-mesa-de-comedor","tag-salon","has_thumb"],"yoast_head":"<!-- This site is optimized with the Yoast SEO Premium plugin v15.2.1 - https:\/\/yoast.com\/wordpress\/plugins\/seo\/ -->\n<title>Decorar nuestros salones con un acogedor y c\u00e1lido estilo r\u00fastico - Guia Decoracion | MUEBLES EL PARA\u00cdSO<\/title>\n<meta name=\"description\" content=\"Los salones son el espacio com\u00fan de nuestras viviendas, en los que junto con las cocinas y\/o comedores, m\u00e1s convivimos con nuestros familiares y amigos\" \/>\n<meta name=\"robots\" content=\"index, follow, max-snippet:-1, max-image-preview:large, max-video-preview:-1\" \/>\n<link rel=\"canonical\" href=\"https:\/\/www.muebleselparaiso.es\/guia-decoracion\/dym-como-hacer\/salones-y-chimeneas-calor-de-hogar\/\" \/>\n<meta property=\"og:locale\" content=\"es_ES\" \/>\n<meta property=\"og:type\" content=\"article\" \/>\n<meta property=\"og:title\" content=\"Decorar nuestros salones con un acogedor y c\u00e1lido estilo r\u00fastico - Guia Decoracion | MUEBLES EL PARA\u00cdSO\" \/>\n<meta property=\"og:description\" content=\"Los salones son el espacio com\u00fan de nuestras viviendas, en los que junto con las cocinas y\/o comedores, m\u00e1s convivimos con nuestros familiares y amigos\" \/>\n<meta property=\"og:url\" content=\"https:\/\/www.muebleselparaiso.es\/guia-decoracion\/dym-como-hacer\/salones-y-chimeneas-calor-de-hogar\/\" \/>\n<meta property=\"og:site_name\" content=\"Guia Decoracion | MUEBLES EL PARA\u00cdSO\" \/>\n<meta property=\"article:publisher\" content=\"https:\/\/www.facebook.com\/MueblesParaiso\" \/>\n<meta property=\"article:author\" content=\"https:\/\/www.facebook.com\/MueblesParaiso\" \/>\n<meta property=\"article:published_time\" content=\"2018-11-29T16:36:00+00:00\" \/>\n<meta property=\"article:modified_time\" content=\"2020-11-09T16:24:26+00:00\" \/>\n<meta property=\"og:image\" content=\"https:\/\/www.muebleselparaiso.es\/guia-decoracion\/wp-content\/uploads\/2018\/11\/tarros-luz-navidad.jpg\" \/>\n\t<meta property=\"og:image:width\" content=\"957\" \/>\n\t<meta property=\"og:image:height\" content=\"638\" \/>\n<meta name=\"twitter:card\" content=\"summary_large_image\" \/>\n<meta name=\"twitter:creator\" content=\"@https:\/\/twitter.com\/MueblesParaiso\" \/>\n<meta name=\"twitter:site\" content=\"@MueblesParaiso\" \/>\n<meta name=\"twitter:label1\" content=\"Escrito por\">\n\t<meta name=\"twitter:data1\" content=\"Tienda de Muebles El Paraiso\">\n\t<meta name=\"twitter:label2\" content=\"Tiempo de lectura\">\n\t<meta name=\"twitter:data2\" content=\"3 minutos\">\n<script type=\"application\/ld+json\" class=\"yoast-schema-graph\">{\"@context\":\"https:\/\/schema.org\",\"@graph\":[{\"@type\":[\"Organization\",\"Place\",\"FurnitureStore\"],\"@id\":\"https:\/\/www.muebleselparaiso.es\/guia-decoracion\/#organization\",\"name\":\"Gu\\u00eda Decoraci\\u00f3n\",\"url\":\"https:\/\/www.muebleselparaiso.es\/guia-decoracion\/\",\"sameAs\":[\"https:\/\/www.facebook.com\/MueblesParaiso\",\"https:\/\/www.instagram.com\/muebles_el_paraiso\/\",\"https:\/\/www.youtube.com\/channel\/UCO-pZCAUmDEdL0kh0g1A-KQ\",\"https:\/\/www.pinterest.es\/mueblesparaiso\/\",\"https:\/\/twitter.com\/MueblesParaiso\"],\"logo\":{\"@type\":\"ImageObject\",\"@id\":\"https:\/\/www.muebleselparaiso.es\/guia-decoracion\/#logo\",\"inLanguage\":\"es\",\"url\":\"https:\/\/www.muebleselparaiso.es\/guia-decoracion\/wp-content\/uploads\/2020\/11\/muebles-el-paraiso-logo-guia_decoracion.jpg\",\"width\":275,\"height\":71,\"caption\":\"Gu\\u00eda Decoraci\\u00f3n\"},\"image\":{\"@id\":\"https:\/\/www.muebleselparaiso.es\/guia-decoracion\/#logo\"},\"location\":{\"@id\":\"https:\/\/www.muebleselparaiso.es\/guia-decoracion\/dym-como-hacer\/salones-y-chimeneas-calor-de-hogar\/#local-place\"},\"address\":{\"@id\":\"https:\/\/www.muebleselparaiso.es\/guia-decoracion\/dym-como-hacer\/salones-y-chimeneas-calor-de-hogar\/#local-place-address\"},\"email\":\"info@muebleselparaiso.es\",\"telephone\":\"94 639 00 00\",\"vatID\":\"A48281901\",\"taxID\":\"A48281901\",\"currenciesAccepted\":\"Euro\"},{\"@type\":\"WebSite\",\"@id\":\"https:\/\/www.muebleselparaiso.es\/guia-decoracion\/#website\",\"url\":\"https:\/\/www.muebleselparaiso.es\/guia-decoracion\/\",\"name\":\"Guia Decoracion | MUEBLES EL PARA\\u00cdSO\",\"description\":\"\",\"publisher\":{\"@id\":\"https:\/\/www.muebleselparaiso.es\/guia-decoracion\/#organization\"},\"potentialAction\":[{\"@type\":\"SearchAction\",\"target\":\"https:\/\/www.muebleselparaiso.es\/guia-decoracion\/?s={search_term_string}\",\"query-input\":\"required name=search_term_string\"}],\"inLanguage\":\"es\"},{\"@type\":\"ImageObject\",\"@id\":\"https:\/\/www.muebleselparaiso.es\/guia-decoracion\/dym-como-hacer\/salones-y-chimeneas-calor-de-hogar\/#primaryimage\",\"inLanguage\":\"es\",\"url\":\"https:\/\/www.muebleselparaiso.es\/guia-decoracion\/wp-content\/uploads\/2018\/11\/tarros-luz-navidad.jpg\",\"width\":957,\"height\":638,\"caption\":\"Decoraci\\u00f3n de Navidad\"},{\"@type\":\"WebPage\",\"@id\":\"https:\/\/www.muebleselparaiso.es\/guia-decoracion\/dym-como-hacer\/salones-y-chimeneas-calor-de-hogar\/#webpage\",\"url\":\"https:\/\/www.muebleselparaiso.es\/guia-decoracion\/dym-como-hacer\/salones-y-chimeneas-calor-de-hogar\/\",\"name\":\"Decorar nuestros salones con un acogedor y c\\u00e1lido estilo r\\u00fastico - Guia Decoracion | MUEBLES EL PARA\\u00cdSO\",\"isPartOf\":{\"@id\":\"https:\/\/www.muebleselparaiso.es\/guia-decoracion\/#website\"},\"primaryImageOfPage\":{\"@id\":\"https:\/\/www.muebleselparaiso.es\/guia-decoracion\/dym-como-hacer\/salones-y-chimeneas-calor-de-hogar\/#primaryimage\"},\"datePublished\":\"2018-11-29T16:36:00+00:00\",\"dateModified\":\"2020-11-09T16:24:26+00:00\",\"description\":\"Los salones son el espacio com\\u00fan de nuestras viviendas, en los que junto con las cocinas y\/o comedores, m\\u00e1s convivimos con nuestros familiares y amigos\",\"inLanguage\":\"es\",\"potentialAction\":[{\"@type\":\"ReadAction\",\"target\":[\"https:\/\/www.muebleselparaiso.es\/guia-decoracion\/dym-como-hacer\/salones-y-chimeneas-calor-de-hogar\/\"]}]},{\"@type\":[\"Article\",\"NewsArticle\"],\"@id\":\"https:\/\/www.muebleselparaiso.es\/guia-decoracion\/dym-como-hacer\/salones-y-chimeneas-calor-de-hogar\/#article\",\"isPartOf\":{\"@id\":\"https:\/\/www.muebleselparaiso.es\/guia-decoracion\/dym-como-hacer\/salones-y-chimeneas-calor-de-hogar\/#webpage\"},\"author\":{\"@id\":\"https:\/\/www.muebleselparaiso.es\/guia-decoracion\/#\/schema\/person\/fecc2546be91ce88c7fa799dae493932\"},\"headline\":\"Decorar nuestros salones con un acogedor y c\\u00e1lido estilo r\\u00fastico\",\"datePublished\":\"2018-11-29T16:36:00+00:00\",\"dateModified\":\"2020-11-09T16:24:26+00:00\",\"mainEntityOfPage\":{\"@id\":\"https:\/\/www.muebleselparaiso.es\/guia-decoracion\/dym-como-hacer\/salones-y-chimeneas-calor-de-hogar\/#webpage\"},\"commentCount\":0,\"publisher\":{\"@id\":\"https:\/\/www.muebleselparaiso.es\/guia-decoracion\/#organization\"},\"image\":{\"@id\":\"https:\/\/www.muebleselparaiso.es\/guia-decoracion\/dym-como-hacer\/salones-y-chimeneas-calor-de-hogar\/#primaryimage\"},\"keywords\":\"Mesa de Comedor,Sal\\u00f3n\",\"articleSection\":\"HAZLO T\\u00da\",\"inLanguage\":\"es\",\"potentialAction\":[{\"@type\":\"CommentAction\",\"name\":\"Comment\",\"target\":[\"https:\/\/www.muebleselparaiso.es\/guia-decoracion\/dym-como-hacer\/salones-y-chimeneas-calor-de-hogar\/#respond\"]}],\"copyrightYear\":\"2018\",\"copyrightHolder\":{\"@id\":\"https:\/\/www.muebleselparaiso.es\/guia-decoracion\/#organization\"}},{\"@type\":\"Person\",\"@id\":\"https:\/\/www.muebleselparaiso.es\/guia-decoracion\/#\/schema\/person\/fecc2546be91ce88c7fa799dae493932\",\"name\":\"Tienda de Muebles El Paraiso\",\"image\":{\"@type\":\"ImageObject\",\"@id\":\"https:\/\/www.muebleselparaiso.es\/guia-decoracion\/#personlogo\",\"inLanguage\":\"es\",\"url\":\"https:\/\/secure.gravatar.com\/avatar\/fbac9f87b7fa63a326fffdf6cacdf5d8843e178381e9cef9f653dbfe186a3598?s=96&d=mm&r=g\",\"caption\":\"Tienda de Muebles El Paraiso\"},\"description\":\"Muebles el Para\\u00edso ofrece una gama de soluciones casi infinitas, debido a su capacidad para la personalizaci\\u00f3n y adaptaci\\u00f3n a su espacio. Te ayudamos a hacer realidad tu hogar ideal. Desde la Gu\\u00eda de Decoraci\\u00f3n de El Para\\u00edso, compartimos consejos, ayudas y trucos -siempre pr\\u00e1cticos- basados en una larga experiencia -de decenas de a\\u00f1os- amueblando y decorando con \\u00e9xito hogares de todo tipo.\",\"sameAs\":[\"https:\/\/www.muebleselparaiso.es\/\",\"https:\/\/www.facebook.com\/MueblesParaiso\",\"https:\/\/www.pinterest.es\/mueblesparaiso\/\",\"https:\/\/twitter.com\/https:\/\/twitter.com\/MueblesParaiso\",\"https:\/\/www.youtube.com\/channel\/UCO-pZCAUmDEdL0kh0g1A-KQ\"]},{\"@type\":\"Place\",\"@id\":\"https:\/\/www.muebleselparaiso.es\/guia-decoracion\/dym-como-hacer\/salones-y-chimeneas-calor-de-hogar\/#local-place\",\"address\":{\"@type\":\"PostalAddress\",\"@id\":\"https:\/\/www.muebleselparaiso.es\/guia-decoracion\/dym-como-hacer\/salones-y-chimeneas-calor-de-hogar\/#local-place-address\",\"streetAddress\":\"Carretera KARRANTZA, Km. 26 Barrio La Flor\",\"addressLocality\":\"Otxaran (ZALLA), BILBAO\",\"postalCode\":\"48869\",\"addressRegion\":\"Vizcaya\",\"addressCountry\":\"ES\"},\"geo\":{\"@type\":\"GeoCoordinates\",\"latitude\":\"43.2194166\",\"longitude\":\"-3.1560639\"},\"openingHoursSpecification\":[{\"@type\":\"OpeningHoursSpecification\",\"dayOfWeek\":[\"Monday\",\"Tuesday\",\"Wednesday\",\"Thursday\",\"Friday\",\"Saturday\"],\"opens\":\"10:00\",\"closes\":\"20:00\"},{\"@type\":\"OpeningHoursSpecification\",\"dayOfWeek\":[\"Sunday\"],\"opens\":\"00:00\",\"closes\":\"00:00\"}],\"telephone\":\"94 639 00 00\"}]}<\/script>\n<meta name=\"geo.placename\" content=\"Otxaran (ZALLA), BILBAO\" \/>\n<meta name=\"geo.position\" content=\"43.2194166;-3.1560639\" \/>\n<meta name=\"geo.region\" content=\"Espa\u00f1a\" \/>\n<!-- \/ Yoast SEO Premium plugin. -->","_links":{"self":[{"href":"https:\/\/www.muebleselparaiso.es\/guia-decoracion\/wp-json\/wp\/v2\/posts\/1146","targetHints":{"allow":["GET"]}}],"collection":[{"href":"https:\/\/www.muebleselparaiso.es\/guia-decoracion\/wp-json\/wp\/v2\/posts"}],"about":[{"href":"https:\/\/www.muebleselparaiso.es\/guia-decoracion\/wp-json\/wp\/v2\/types\/post"}],"author":[{"embeddable":true,"href":"https:\/\/www.muebleselparaiso.es\/guia-decoracion\/wp-json\/wp\/v2\/users\/2"}],"replies":[{"embeddable":true,"href":"https:\/\/www.muebleselparaiso.es\/guia-decoracion\/wp-json\/wp\/v2\/comments?post=1146"}],"version-history":[{"count":0,"href":"https:\/\/www.muebleselparaiso.es\/guia-decoracion\/wp-json\/wp\/v2\/posts\/1146\/revisions"}],"wp:featuredmedia":[{"embeddable":true,"href":"https:\/\/www.muebleselparaiso.es\/guia-decoracion\/wp-json\/wp\/v2\/media\/1461"}],"wp:attachment":[{"href":"https:\/\/www.muebleselparaiso.es\/guia-decoracion\/wp-json\/wp\/v2\/media?parent=1146"}],"wp:term":[{"taxonomy":"category","embeddable":true,"href":"https:\/\/www.muebleselparaiso.es\/guia-decoracion\/wp-json\/wp\/v2\/categories?post=1146"},{"taxonomy":"post_tag","embeddable":true,"href":"https:\/\/www.muebleselparaiso.es\/guia-decoracion\/wp-json\/wp\/v2\/tags?post=1146"}],"curies":[{"name":"wp","href":"https:\/\/api.w.org\/{rel}","templated":true}]}}