{"id":1187,"date":"2019-11-21T11:38:00","date_gmt":"2019-11-21T11:38:00","guid":{"rendered":"https:\/\/www.muebleselparaiso.es\/blog-1\/como-organizar-zapatero\/"},"modified":"2020-11-09T09:56:02","modified_gmt":"2020-11-09T09:56:02","slug":"como-organizar-zapatero","status":"publish","type":"post","link":"https:\/\/www.muebleselparaiso.es\/guia-decoracion\/dym-como-hacer\/como-organizar-zapatero\/","title":{"rendered":"M\u00e9todos curiosos para organizar tu zapatero"},"content":{"rendered":"<p><em>Los zapatos son sin duda \u00aduno de los complementos que m\u00e1s abundan en nuestro armario. Dependiendo de la \u00e9poca del a\u00f1o, tendemos a usar modelos que se ajustan a unas determinadas condiciones clim\u00e1ticas; sandalias en verano, botas en invierno, alpargatas en primavera\u0085 Y es que existen dise\u00f1os tan diferentes, que organizar nuestro<a href=\"https:\/\/www.muebleselparaiso.es\/zapateros\"> zapatero<\/a> puede convertirse en una gran aventura. En Muebles el Para\u00edso te damos una serie de m\u00e9todos que te ayudar\u00e1n a organizar tu <strong>zapatero<\/strong> de la forma m\u00e1s eficiente y pr\u00e1ctica. \u00a1No te pierdas estos consejos!<\/em><\/p>\n<h2>Organiza tu zapatero de una forma f\u00e1cil y pr\u00e1ctica<\/h2>\n<p>A la hora de ordenar nuestras pertenencias, es m\u00e1s que habitual elaborar una organizaci\u00f3n basada en la est\u00e9tica antes que en la pr\u00e1ctica. Muchas veces, nos dejamos guiar por nuestro lado m\u00e1s decorativo y nos olvidamos si el procedimiento que estamos usando nos facilitar\u00e1 encontrar lo que buscamos r\u00e1pidamente. \u00bfCu\u00e1ntas veces has encontrado zapatos desparejados? Da fin a este problema con estos m\u00e9todos de organizaci\u00f3n:<\/p>\n<h3>Ordena tus zapatos seg\u00fan su color<\/h3>\n<p>Es muy habitual el hecho de ordenar los zapatos seg\u00fan su color. Concretamente, se aconseja organizarlos en fila dentro del zapatero ya que as\u00ed podr\u00e1s ver todos los zapatos en una primera ojeada. Aunque por lo general el color negro sea el que m\u00e1s abunda, esta t\u00e1ctica ser\u00e1 de gran ayuda para la gente atrevida que use zapatillas y zapatos de diferentes colores en su d\u00eda a d\u00eda.<\/p>\n<p><a href=\"https:\/\/www.muebleselparaiso.es\/mueble-auxiliar\/zapatero-134-cm-puertas-abatibles-melk\"><img loading=\"lazy\" decoding=\"async\" src=\"\/guia-decoracion\/img\/cms\/blog\/zapatero-de-134-cm-con-3-trampones-melk.jpg\" alt=\"Zapatero 134 cm\" width=\"800\" height=\"616\"><\/a><\/p>\n<h3>Ordena tus zapatos seg\u00fan la frecuencia de uso<\/h3>\n<p>Coloca los zapatos que m\u00e1s uses\u0085\u00a1hacia adelante! Y es que resulta evidente situar en el fondo los que menos usemos. A\u00fan as\u00ed, mucha gente suele poner en primera l\u00ednea, algunas de sus \u0093joyas\u0094 m\u00e1s preciadas que, a pesar de usarlas solamente en ocasiones especiales, consideran que deben presidir la primera plana de sus zapateros debido a su bonita est\u00e9tica y dise\u00f1o atractivo. Una vez m\u00e1s, no nos dejemos enga\u00f1ar por las apariencias.<\/p>\n<p><img loading=\"lazy\" decoding=\"async\" src=\"\/guia-decoracion\/img\/cms\/blog\/zapatero-de-70-cm-con-estructura-de-metal-natters.jpg\" alt=\"Zapatero de 70 cm\" width=\"800\" height=\"631\"><\/p>\n<h3>Mant\u00e9n tu zapatero actualizado<\/h3>\n<p>\u00bfAcaso tiene sentido seguir guardando los zapatos que ya no usas? Si tienes calzado que crees que no te lo volver\u00e1s a poner, la mejor opci\u00f3n ser\u00e1 sacarlo de tu zapatero. Por suerte, gracias a las diversas opciones que existen hoy en d\u00eda como las ONGS o tiendas de segunda mano, no tendr\u00e1s excusa para depositarlos en estos lugares con el objetivo de que otras personas puedan darle un mejor uso. Siempre es un buen momento para reciclar y contribuir a la mejora del medio ambiente.<\/p>\n<p><a href=\"https:\/\/www.muebleselparaiso.es\/mueble-auxiliar\/zapateros\/zapatero-de-124-cm-con-4-trampones-y-4-cajones-hauk\"><img loading=\"lazy\" decoding=\"async\" src=\"\/guia-decoracion\/img\/cms\/blog\/zapatero-de-124-cm-con-4-trampones-y-4-cajones-hauk.jpg\" alt=\"Zapatero de 124 cm\" width=\"800\" height=\"800\"><\/a><\/p>\n<h3>Coloca algunos zapatos fuera del zapatero<\/h3>\n<p>Resulta buena idea colocar el par de zapatos que m\u00e1s uses fuera, ya que as\u00ed evitar\u00e1s estar abriendo y cerrando los cajones constantemente. Dependiendo del tipo de zapatero, suele ser habitual colocarlos tanto encima como en el suelo (siempre a uno de los lados del mueble). Incluso puede servir de elemento decorativo. La clave estar\u00e1 en c\u00f3mo colocar los zapatos para que no rompan con la harmon\u00eda del resto de los elementos de la casa.<\/p>\n<p><a href=\"https:\/\/www.muebleselparaiso.es\/mueble-auxiliar\/zapatero-86-cm-con-espejo-y-perchero-watson\"><img loading=\"lazy\" decoding=\"async\" src=\"\/guia-decoracion\/img\/cms\/blog\/zapatero-de-86-cm-con-1-cajon-y-2-trampones2.jpg\" alt=\"Zapatero con espejo\" width=\"397\" height=\"542\"><\/a><\/p>\n<p>Tras leer este art\u00edculo, \u00bfest\u00e1s pensando en comprar un <a href=\"https:\/\/www.muebleselparaiso.es\/zapateros\">zapatero<\/a>? En <strong>Muebles el Para\u00edso<\/strong> disponemos de modelos en diferentes tama\u00f1os. Dependiendo del sitio que dispongas en tu casa, elige el modelo que mejor se adecue a ese espacio. \u00a1Echa un vistazo a nuestra web y recuerda que estamos para ayudarte!<\/p>\n","protected":false},"excerpt":{"rendered":"<p>Los zapatos son sin duda \u00aduno de los complementos que m\u00e1s abundan en nuestro armario. Dependiendo de la \u00e9poca del a\u00f1o, tendemos a usar modelos que se ajustan a unas determinadas condiciones clim\u00e1ticas; sandalias en verano, botas en invierno, alpargatas en primavera\u0085 Y es que existen dise\u00f1os tan diferentes, que organizar nuestro zapatero puede convertirse en una gran aventura. En Muebles el Para\u00edso te damos una serie de m\u00e9todos que te ayudar\u00e1n a organizar tu zapatero de la forma m\u00e1s eficiente y pr\u00e1ctica. \u00a1No te pierdas estos consejos! Organiza tu zapatero de una forma f\u00e1cil y pr\u00e1ctica A la hora <\/p>\n","protected":false},"author":2,"featured_media":1302,"comment_status":"open","ping_status":"open","sticky":false,"template":"","format":"standard","meta":{"footnotes":""},"categories":[128],"tags":[140],"class_list":["post-1187","post","type-post","status-publish","format-standard","has-post-thumbnail","hentry","category-dym-como-hacer","tag-zapatero","has_thumb"],"yoast_head":"<!-- This site is optimized with the Yoast SEO Premium plugin v15.2.1 - https:\/\/yoast.com\/wordpress\/plugins\/seo\/ -->\n<title>M\u00e9todos curiosos para organizar tu zapatero - Guia Decoracion | MUEBLES EL PARA\u00cdSO<\/title>\n<meta name=\"description\" content=\"Los zapatos son sin duda \u00aduno de los complementos que m\u00e1s abundan en nuestro armario. Dependiendo de la \u00e9poca del a\u00f1o, tendemos a usar modelos que se\" \/>\n<meta name=\"robots\" content=\"index, follow, max-snippet:-1, max-image-preview:large, max-video-preview:-1\" \/>\n<link rel=\"canonical\" href=\"https:\/\/www.muebleselparaiso.es\/guia-decoracion\/dym-como-hacer\/como-organizar-zapatero\/\" \/>\n<meta property=\"og:locale\" content=\"es_ES\" \/>\n<meta property=\"og:type\" content=\"article\" \/>\n<meta property=\"og:title\" content=\"M\u00e9todos curiosos para organizar tu zapatero - Guia Decoracion | MUEBLES EL PARA\u00cdSO\" \/>\n<meta property=\"og:description\" content=\"Los zapatos son sin duda \u00aduno de los complementos que m\u00e1s abundan en nuestro armario. Dependiendo de la \u00e9poca del a\u00f1o, tendemos a usar modelos que se\" \/>\n<meta property=\"og:url\" content=\"https:\/\/www.muebleselparaiso.es\/guia-decoracion\/dym-como-hacer\/como-organizar-zapatero\/\" \/>\n<meta property=\"og:site_name\" content=\"Guia Decoracion | MUEBLES EL PARA\u00cdSO\" \/>\n<meta property=\"article:publisher\" content=\"https:\/\/www.facebook.com\/MueblesParaiso\" \/>\n<meta property=\"article:author\" content=\"https:\/\/www.facebook.com\/MueblesParaiso\" \/>\n<meta property=\"article:published_time\" content=\"2019-11-21T11:38:00+00:00\" \/>\n<meta property=\"article:modified_time\" content=\"2020-11-09T09:56:02+00:00\" \/>\n<meta property=\"og:image\" content=\"https:\/\/www.muebleselparaiso.es\/guia-decoracion\/wp-content\/uploads\/2019\/11\/zapatero-de-86-cm-con-1-cajon-y-2-trampones.jpg\" \/>\n\t<meta property=\"og:image:width\" content=\"364\" \/>\n\t<meta property=\"og:image:height\" content=\"272\" \/>\n<meta name=\"twitter:card\" content=\"summary_large_image\" \/>\n<meta name=\"twitter:creator\" content=\"@https:\/\/twitter.com\/MueblesParaiso\" \/>\n<meta name=\"twitter:site\" content=\"@MueblesParaiso\" \/>\n<meta name=\"twitter:label1\" content=\"Escrito por\">\n\t<meta name=\"twitter:data1\" content=\"Tienda de Muebles El Paraiso\">\n\t<meta name=\"twitter:label2\" content=\"Tiempo de lectura\">\n\t<meta name=\"twitter:data2\" content=\"2 minutos\">\n<script type=\"application\/ld+json\" class=\"yoast-schema-graph\">{\"@context\":\"https:\/\/schema.org\",\"@graph\":[{\"@type\":[\"Organization\",\"Place\",\"FurnitureStore\"],\"@id\":\"https:\/\/www.muebleselparaiso.es\/guia-decoracion\/#organization\",\"name\":\"Gu\\u00eda Decoraci\\u00f3n\",\"url\":\"https:\/\/www.muebleselparaiso.es\/guia-decoracion\/\",\"sameAs\":[\"https:\/\/www.facebook.com\/MueblesParaiso\",\"https:\/\/www.instagram.com\/muebles_el_paraiso\/\",\"https:\/\/www.youtube.com\/channel\/UCO-pZCAUmDEdL0kh0g1A-KQ\",\"https:\/\/www.pinterest.es\/mueblesparaiso\/\",\"https:\/\/twitter.com\/MueblesParaiso\"],\"logo\":{\"@type\":\"ImageObject\",\"@id\":\"https:\/\/www.muebleselparaiso.es\/guia-decoracion\/#logo\",\"inLanguage\":\"es\",\"url\":\"https:\/\/www.muebleselparaiso.es\/guia-decoracion\/wp-content\/uploads\/2020\/11\/muebles-el-paraiso-logo-guia_decoracion.jpg\",\"width\":275,\"height\":71,\"caption\":\"Gu\\u00eda Decoraci\\u00f3n\"},\"image\":{\"@id\":\"https:\/\/www.muebleselparaiso.es\/guia-decoracion\/#logo\"},\"location\":{\"@id\":\"https:\/\/www.muebleselparaiso.es\/guia-decoracion\/dym-como-hacer\/como-organizar-zapatero\/#local-place\"},\"address\":{\"@id\":\"https:\/\/www.muebleselparaiso.es\/guia-decoracion\/dym-como-hacer\/como-organizar-zapatero\/#local-place-address\"},\"email\":\"info@muebleselparaiso.es\",\"telephone\":\"94 639 00 00\",\"vatID\":\"A48281901\",\"taxID\":\"A48281901\",\"currenciesAccepted\":\"Euro\"},{\"@type\":\"WebSite\",\"@id\":\"https:\/\/www.muebleselparaiso.es\/guia-decoracion\/#website\",\"url\":\"https:\/\/www.muebleselparaiso.es\/guia-decoracion\/\",\"name\":\"Guia Decoracion | MUEBLES EL PARA\\u00cdSO\",\"description\":\"\",\"publisher\":{\"@id\":\"https:\/\/www.muebleselparaiso.es\/guia-decoracion\/#organization\"},\"potentialAction\":[{\"@type\":\"SearchAction\",\"target\":\"https:\/\/www.muebleselparaiso.es\/guia-decoracion\/?s={search_term_string}\",\"query-input\":\"required name=search_term_string\"}],\"inLanguage\":\"es\"},{\"@type\":\"ImageObject\",\"@id\":\"https:\/\/www.muebleselparaiso.es\/guia-decoracion\/dym-como-hacer\/como-organizar-zapatero\/#primaryimage\",\"inLanguage\":\"es\",\"url\":\"https:\/\/www.muebleselparaiso.es\/guia-decoracion\/wp-content\/uploads\/2019\/11\/zapatero-de-86-cm-con-1-cajon-y-2-trampones.jpg\",\"width\":364,\"height\":272,\"caption\":\"C\\u00f3mo organizar zapatero\"},{\"@type\":\"WebPage\",\"@id\":\"https:\/\/www.muebleselparaiso.es\/guia-decoracion\/dym-como-hacer\/como-organizar-zapatero\/#webpage\",\"url\":\"https:\/\/www.muebleselparaiso.es\/guia-decoracion\/dym-como-hacer\/como-organizar-zapatero\/\",\"name\":\"M\\u00e9todos curiosos para organizar tu zapatero - Guia Decoracion | MUEBLES EL PARA\\u00cdSO\",\"isPartOf\":{\"@id\":\"https:\/\/www.muebleselparaiso.es\/guia-decoracion\/#website\"},\"primaryImageOfPage\":{\"@id\":\"https:\/\/www.muebleselparaiso.es\/guia-decoracion\/dym-como-hacer\/como-organizar-zapatero\/#primaryimage\"},\"datePublished\":\"2019-11-21T11:38:00+00:00\",\"dateModified\":\"2020-11-09T09:56:02+00:00\",\"description\":\"Los zapatos son sin duda \\u00aduno de los complementos que m\\u00e1s abundan en nuestro armario. Dependiendo de la \\u00e9poca del a\\u00f1o, tendemos a usar modelos que se\",\"inLanguage\":\"es\",\"potentialAction\":[{\"@type\":\"ReadAction\",\"target\":[\"https:\/\/www.muebleselparaiso.es\/guia-decoracion\/dym-como-hacer\/como-organizar-zapatero\/\"]}]},{\"@type\":[\"Article\",\"NewsArticle\"],\"@id\":\"https:\/\/www.muebleselparaiso.es\/guia-decoracion\/dym-como-hacer\/como-organizar-zapatero\/#article\",\"isPartOf\":{\"@id\":\"https:\/\/www.muebleselparaiso.es\/guia-decoracion\/dym-como-hacer\/como-organizar-zapatero\/#webpage\"},\"author\":{\"@id\":\"https:\/\/www.muebleselparaiso.es\/guia-decoracion\/#\/schema\/person\/fecc2546be91ce88c7fa799dae493932\"},\"headline\":\"M\\u00e9todos curiosos para organizar tu zapatero\",\"datePublished\":\"2019-11-21T11:38:00+00:00\",\"dateModified\":\"2020-11-09T09:56:02+00:00\",\"mainEntityOfPage\":{\"@id\":\"https:\/\/www.muebleselparaiso.es\/guia-decoracion\/dym-como-hacer\/como-organizar-zapatero\/#webpage\"},\"commentCount\":0,\"publisher\":{\"@id\":\"https:\/\/www.muebleselparaiso.es\/guia-decoracion\/#organization\"},\"image\":{\"@id\":\"https:\/\/www.muebleselparaiso.es\/guia-decoracion\/dym-como-hacer\/como-organizar-zapatero\/#primaryimage\"},\"keywords\":\"Zapatero\",\"articleSection\":\"HAZLO T\\u00da\",\"inLanguage\":\"es\",\"potentialAction\":[{\"@type\":\"CommentAction\",\"name\":\"Comment\",\"target\":[\"https:\/\/www.muebleselparaiso.es\/guia-decoracion\/dym-como-hacer\/como-organizar-zapatero\/#respond\"]}],\"copyrightYear\":\"2019\",\"copyrightHolder\":{\"@id\":\"https:\/\/www.muebleselparaiso.es\/guia-decoracion\/#organization\"}},{\"@type\":\"Person\",\"@id\":\"https:\/\/www.muebleselparaiso.es\/guia-decoracion\/#\/schema\/person\/fecc2546be91ce88c7fa799dae493932\",\"name\":\"Tienda de Muebles El Paraiso\",\"image\":{\"@type\":\"ImageObject\",\"@id\":\"https:\/\/www.muebleselparaiso.es\/guia-decoracion\/#personlogo\",\"inLanguage\":\"es\",\"url\":\"https:\/\/secure.gravatar.com\/avatar\/fbac9f87b7fa63a326fffdf6cacdf5d8843e178381e9cef9f653dbfe186a3598?s=96&d=mm&r=g\",\"caption\":\"Tienda de Muebles El Paraiso\"},\"description\":\"Muebles el Para\\u00edso ofrece una gama de soluciones casi infinitas, debido a su capacidad para la personalizaci\\u00f3n y adaptaci\\u00f3n a su espacio. Te ayudamos a hacer realidad tu hogar ideal. Desde la Gu\\u00eda de Decoraci\\u00f3n de El Para\\u00edso, compartimos consejos, ayudas y trucos -siempre pr\\u00e1cticos- basados en una larga experiencia -de decenas de a\\u00f1os- amueblando y decorando con \\u00e9xito hogares de todo tipo.\",\"sameAs\":[\"https:\/\/www.muebleselparaiso.es\/\",\"https:\/\/www.facebook.com\/MueblesParaiso\",\"https:\/\/www.pinterest.es\/mueblesparaiso\/\",\"https:\/\/twitter.com\/https:\/\/twitter.com\/MueblesParaiso\",\"https:\/\/www.youtube.com\/channel\/UCO-pZCAUmDEdL0kh0g1A-KQ\"]},{\"@type\":\"Place\",\"@id\":\"https:\/\/www.muebleselparaiso.es\/guia-decoracion\/dym-como-hacer\/como-organizar-zapatero\/#local-place\",\"address\":{\"@type\":\"PostalAddress\",\"@id\":\"https:\/\/www.muebleselparaiso.es\/guia-decoracion\/dym-como-hacer\/como-organizar-zapatero\/#local-place-address\",\"streetAddress\":\"Carretera KARRANTZA, Km. 26 Barrio La Flor\",\"addressLocality\":\"Otxaran (ZALLA), BILBAO\",\"postalCode\":\"48869\",\"addressRegion\":\"Vizcaya\",\"addressCountry\":\"ES\"},\"geo\":{\"@type\":\"GeoCoordinates\",\"latitude\":\"43.2194166\",\"longitude\":\"-3.1560639\"},\"openingHoursSpecification\":[{\"@type\":\"OpeningHoursSpecification\",\"dayOfWeek\":[\"Monday\",\"Tuesday\",\"Wednesday\",\"Thursday\",\"Friday\",\"Saturday\"],\"opens\":\"10:00\",\"closes\":\"20:00\"},{\"@type\":\"OpeningHoursSpecification\",\"dayOfWeek\":[\"Sunday\"],\"opens\":\"00:00\",\"closes\":\"00:00\"}],\"telephone\":\"94 639 00 00\"}]}<\/script>\n<meta name=\"geo.placename\" content=\"Otxaran (ZALLA), BILBAO\" \/>\n<meta name=\"geo.position\" content=\"43.2194166;-3.1560639\" \/>\n<meta name=\"geo.region\" content=\"Espa\u00f1a\" \/>\n<!-- \/ Yoast SEO Premium plugin. -->","_links":{"self":[{"href":"https:\/\/www.muebleselparaiso.es\/guia-decoracion\/wp-json\/wp\/v2\/posts\/1187","targetHints":{"allow":["GET"]}}],"collection":[{"href":"https:\/\/www.muebleselparaiso.es\/guia-decoracion\/wp-json\/wp\/v2\/posts"}],"about":[{"href":"https:\/\/www.muebleselparaiso.es\/guia-decoracion\/wp-json\/wp\/v2\/types\/post"}],"author":[{"embeddable":true,"href":"https:\/\/www.muebleselparaiso.es\/guia-decoracion\/wp-json\/wp\/v2\/users\/2"}],"replies":[{"embeddable":true,"href":"https:\/\/www.muebleselparaiso.es\/guia-decoracion\/wp-json\/wp\/v2\/comments?post=1187"}],"version-history":[{"count":0,"href":"https:\/\/www.muebleselparaiso.es\/guia-decoracion\/wp-json\/wp\/v2\/posts\/1187\/revisions"}],"wp:featuredmedia":[{"embeddable":true,"href":"https:\/\/www.muebleselparaiso.es\/guia-decoracion\/wp-json\/wp\/v2\/media\/1302"}],"wp:attachment":[{"href":"https:\/\/www.muebleselparaiso.es\/guia-decoracion\/wp-json\/wp\/v2\/media?parent=1187"}],"wp:term":[{"taxonomy":"category","embeddable":true,"href":"https:\/\/www.muebleselparaiso.es\/guia-decoracion\/wp-json\/wp\/v2\/categories?post=1187"},{"taxonomy":"post_tag","embeddable":true,"href":"https:\/\/www.muebleselparaiso.es\/guia-decoracion\/wp-json\/wp\/v2\/tags?post=1187"}],"curies":[{"name":"wp","href":"https:\/\/api.w.org\/{rel}","templated":true}]}}